{"id":2182,"date":"2020-02-28T09:58:03","date_gmt":"2020-02-28T09:58:03","guid":{"rendered":"https:\/\/auro-cuines.com\/?p=2182"},"modified":"2020-12-17T14:38:39","modified_gmt":"2020-12-17T14:38:39","slug":"tendencias-cocinas-de-diseno-2020","status":"publish","type":"post","link":"https:\/\/auro-cuines.com\/ca\/tendencias-cocinas-de-diseno-2020\/","title":{"rendered":"Cuines de disseny 2020: combinacions de colors i acabats"},"content":{"rendered":"<p>El disseny i la planificaci\u00f3 de <strong>cuines modernes a Barcelona<\/strong> estan en constant evoluci\u00f3. No en va, aquest espai dom\u00e8stic ha passat de ser una estada m\u00e9s de l&#8217;habitatge a convertir-se en el centre neur\u00e0lgic de la rutina familiar di\u00e0ria; l&#8217;aut\u00e8ntic protagonista de la llar. Com a conseq\u00fc\u00e8ncia, moltes de les tend\u00e8ncies i modes de decoraci\u00f3 ja assenyalen aquests racons com el veritable focus d&#8217;atenci\u00f3 dels projectes d&#8217;interiorisme. I, a el mateix temps, professionals i propietaris comencen a anomenar-los principal objectiu de les grans reformes de la llar.<!--more--><\/p>\n<p>Com a experts en la fabricaci\u00f3 i instal\u00b7laci\u00f3 de <strong>cuines modernes a Barcelona<\/strong>, \u200b\u200bdes de Aur\u00f3 Kitchens no perdem detall de les novetats dels cat\u00e0legs de decoraci\u00f3 per a aquest 2020. Si vols donar-li un gir de 180 \u00b0 al disseny de casa teva o est\u00e0s planificant la construcci\u00f3 d\u2019 un nou habitatge, atent a les combinacions que m\u00e9s estaran de moda aquest any.<\/p>\n<h2>Disseny de cuines modernes a Barcelona: materials i tonalitats que parlen per si sols<\/h2>\n<p>Triar la <strong><a target=\"_blank\" href=\"https:\/\/auro-cuines.com\/ca\/la-distribucion-en-la-cocina-la-zona-de-aguas\/\" rel=\"noopener noreferrer\"><u>distribuci\u00f3 de la cuina<\/u><\/a><\/strong> \u00e9s el primer pas de qualsevol projecte de decoraci\u00f3 per a aquesta part de la casa. Per\u00f2, immediatament despr\u00e9s, s&#8217;han de triar els acabats i els colors. Com? Tenint en compte els gustos i necessitats del propietari, l&#8217;estil de la resta de l&#8217;habitatge i les exig\u00e8ncies de la pr\u00f2pia cuina i dels usos pensats per a ella. I, per qu\u00e8 no recon\u00e8ixer-ho, sense perdre de vista les \u00faltimes tend\u00e8ncies.<\/p>\n<p>Per al disseny de <strong>cuines modernes a Barcelona<\/strong> en aquest 2020, les combinacions de materials i tonalitats m\u00e9s recomanades s\u00f3n:<\/p>\n<ol>\n<li>Un to fosc per a la fogons i un altre m\u00e9s clar per als mobles i frontals. Es pot optar per la combinaci\u00f3 tradicional negre-blanc o per altres opcions menys marcades (grisos, colors crema, etc.). El model Sic\u00edlia del cat\u00e0leg d\u2019 Aur\u00f3 Kitchens \u00e9s un bon exemple d&#8217;aquesta tend\u00e8ncia.<\/li>\n<li>Encimeres de fusta (o d&#8217;imitaci\u00f3) per a <strong>cuines modernes a Barcelona<\/strong> amb un toc tradicional. Tot i que les l\u00ednies senzilles i els colors neutres porten anys copant les tend\u00e8ncies de decoraci\u00f3, la tornada a les arrels i al convencional torna a guanyar posicions. Frontals i mobiliari que recorden l&#8217;acabat de la fusta, com en el nostre model Altea, omplen la cuina i la llar de calor i vida.<\/li>\n<li>El color blanc que tot ho inunda. Per a molts, dissenyar la cuina en colors neutres i foscos confereix a aquesta estada de la casa una atmosfera freda. Per a tots ells, proposem una aposta per frontals, armaris i taulells a tons blancs, que absorbeixen i transmeten molt millor la llum. Per trencar amb la monotonia, tamb\u00e9 es pot donar un toc amb tons grisencs.<\/li>\n<li>Barreja de materials. Fusta, porcellana, microciment &#8230; Molts dissenys de cuina actuals passen per l&#8217;elecci\u00f3 de perfils de tipus industrial. Si es combina la calor de materials naturals amb la sobrietat d&#8217;altres m\u00e9s t\u00e8cnics, s&#8217;aconsegueix major nivell d&#8217;originalitat.<\/li>\n<li>Lliure elecci\u00f3. La personalitzaci\u00f3 manen en el disseny d&#8217;interiors i, per aix\u00f2, la millor recomanaci\u00f3 \u00e9s permetre la barreja de materials, acabats o colors a gust de consumidor. Aix\u00f2 permet optar per m\u00e9s d&#8217;un estil de cuina en el mateix espai i, m\u00e9s important, aconseguir resultats \u00fanics, diferents i 100% personals.<\/li>\n<\/ol>\n<p>Si vols con\u00e8ixer les \u00faltimes tend\u00e8ncies en <strong>cuines modernes a Barcelona<\/strong>, \u200b\u200bvine a visitar el nostre showroom i rep l&#8217;assessorament dels nostres especialistes.<\/p>\n<p><img fetchpriority=\"high\" decoding=\"async\" class=\"aligncenter size-full wp-image-2183\" src=\"https:\/\/auro-cuines.com\/wp-content\/uploads\/tendencias-cocinas-modernas-barcelona.jpg\" alt=\"Tendencias cocinas modernas barcelona\" width=\"1080\" height=\"718\" srcset=\"https:\/\/auro-cuines.com\/wp-content\/uploads\/tendencias-cocinas-modernas-barcelona.jpg 1080w, https:\/\/auro-cuines.com\/wp-content\/uploads\/tendencias-cocinas-modernas-barcelona-300x199.jpg 300w, https:\/\/auro-cuines.com\/wp-content\/uploads\/tendencias-cocinas-modernas-barcelona-827x550.jpg 827w, https:\/\/auro-cuines.com\/wp-content\/uploads\/tendencias-cocinas-modernas-barcelona-768x511.jpg 768w\" sizes=\"(max-width: 1080px) 100vw, 1080px\" \/><\/p>\n<div class='clear '><\/div><\/div>","protected":false},"excerpt":{"rendered":"<p>Ho sentim, aquesta entrada es troba disponible &uacute;nicament en Espa&ntilde;ol.<\/p>\n","protected":false},"author":1,"featured_media":2183,"comment_status":"open","ping_status":"open","sticky":false,"template":"","format":"standard","meta":{"_genesis_hide_title":false,"_genesis_hide_breadcrumbs":false,"_genesis_hide_singular_image":false,"_genesis_hide_footer_widgets":false,"_genesis_custom_body_class":"","_genesis_custom_post_class":"","_genesis_layout":"","footnotes":""},"categories":[3],"tags":[],"class_list":{"0":"post-2182","1":"post","2":"type-post","3":"status-publish","4":"format-standard","5":"has-post-thumbnail","7":"category-noticias","8":"entry"},"aioseo_notices":[],"_links":{"self":[{"href":"https:\/\/auro-cuines.com\/ca\/wp-json\/wp\/v2\/posts\/2182","targetHints":{"allow":["GET"]}}],"collection":[{"href":"https:\/\/auro-cuines.com\/ca\/wp-json\/wp\/v2\/posts"}],"about":[{"href":"https:\/\/auro-cuines.com\/ca\/wp-json\/wp\/v2\/types\/post"}],"author":[{"embeddable":true,"href":"https:\/\/auro-cuines.com\/ca\/wp-json\/wp\/v2\/users\/1"}],"replies":[{"embeddable":true,"href":"https:\/\/auro-cuines.com\/ca\/wp-json\/wp\/v2\/comments?post=2182"}],"version-history":[{"count":7,"href":"https:\/\/auro-cuines.com\/ca\/wp-json\/wp\/v2\/posts\/2182\/revisions"}],"predecessor-version":[{"id":3643,"href":"https:\/\/auro-cuines.com\/ca\/wp-json\/wp\/v2\/posts\/2182\/revisions\/3643"}],"wp:featuredmedia":[{"embeddable":true,"href":"https:\/\/auro-cuines.com\/ca\/wp-json\/wp\/v2\/media\/2183"}],"wp:attachment":[{"href":"https:\/\/auro-cuines.com\/ca\/wp-json\/wp\/v2\/media?parent=2182"}],"wp:term":[{"taxonomy":"category","embeddable":true,"href":"https:\/\/auro-cuines.com\/ca\/wp-json\/wp\/v2\/categories?post=2182"},{"taxonomy":"post_tag","embeddable":true,"href":"https:\/\/auro-cuines.com\/ca\/wp-json\/wp\/v2\/tags?post=2182"}],"curies":[{"name":"wp","href":"https:\/\/api.w.org\/{rel}","templated":true}]}}